{"id":22972,"date":"2025-07-10T19:54:55","date_gmt":"2025-07-10T17:54:55","guid":{"rendered":"https:\/\/osmstatecnych.cz\/brigadier-stepan-on-the-russian-resistance\/"},"modified":"2026-03-28T00:50:52","modified_gmt":"2026-03-27T23:50:52","slug":"brigadier-stepan-on-the-russian-resistance","status":"publish","type":"post","link":"https:\/\/osmstatecnych.cz\/en\/brigadier-stepan-on-the-russian-resistance\/","title":{"rendered":"Brigadier Stepan on the Russian resistance"},"content":{"rendered":"\t\t<div data-elementor-type=\"wp-post\" data-elementor-id=\"22972\" class=\"elementor elementor-22972 elementor-15703\">\n\t\t\t\t<div class=\"elementor-element elementor-element-6040d1a2 e-flex e-con-boxed e-con e-parent\" data-id=\"6040d1a2\" data-element_type=\"container\" data-e-type=\"container\">\n\t\t\t\t\t<div class=\"e-con-inner\">\n\t\t\t\t<div class=\"elementor-element elementor-element-1c1b7fbf elementor-widget elementor-widget-text-editor\" data-id=\"1c1b7fbf\" data-element_type=\"widget\" data-e-type=\"widget\" data-widget_type=\"text-editor.default\">\n\t\t\t\t<div class=\"elementor-widget-container\">\n\t\t\t\t\t\t\t\t\t\n<h2 class=\"wp-block-heading\">A member of the resistance movement using the nickname Brigadier Stepan from the Russian Maidan movement (D-SORM) answered our questions for the <a href=\"https:\/\/osmstatecnych.cz\/overtonovo-okno-pro-rusky-odboj\/\" target=\"_blank\" rel=\"noreferrer noopener\">Overton Window<\/a>.<\/h2>\n<h5><b>What kind of life would you be living if the war in Ukraine had not broken out?<\/b><\/h5>\n<p><span style=\"font-weight: 400;\">In fact, it was bound to happen. A more accurate phrasing would be &#8220;if it had been postponed for a few more years.&#8221; That would likely have allowed us to remain in the Russian Federation and continue our attempts at resistance using the original methods.  <\/span><\/p>\n<h5><b>What was the moment when you decided there was no turning back? What triggered it? Where were you, and what were you doing?  <\/b><\/h5>\n<p><span style=\"font-weight: 400;\">The moment I was born in the USSR. But more seriously&#8230; signs of re-Sovietization appeared after 2000. It was clear that this had to be resisted. To gather my people\u2014and go for it. Since 2014\u2014the annexation of Crimea, the war in Donbas\u2014it has become a duty. And where was I&#8230; I think I was at home, we were drinking coffee.       <\/span><\/p>\n<h5><b>What is the most important thing the resistance movement has given you? And what is the most significant thing it has taken from you?<\/b><\/h5>\n<p><span style=\"font-weight: 400;\">It gave life meaning. It took nothing. <\/span><\/p>\n\t\t\t\t\t\t\t\t<\/div>\n\t\t\t\t<\/div>\n\t\t\t\t\t<\/div>\n\t\t\t\t<\/div>\n\t\t<div class=\"elementor-element elementor-element-263da666 e-con-full e-flex e-con e-parent\" data-id=\"263da666\" data-element_type=\"container\" data-e-type=\"container\" data-settings=\"{&quot;background_background&quot;:&quot;classic&quot;}\">\n\t\t<div class=\"elementor-element elementor-element-58fc93a4 e-grid e-con-full e-con e-child\" data-id=\"58fc93a4\" data-element_type=\"container\" data-e-type=\"container\">\n\t\t\t\t<div class=\"elementor-element elementor-element-67dd639f elementor-widget elementor-widget-image\" data-id=\"67dd639f\" data-element_type=\"widget\" data-e-type=\"widget\" data-widget_type=\"image.default\">\n\t\t\t\t<div class=\"elementor-widget-container\">\n\t\t\t\t\t\t\t\t\t\t\t\t\t\t\t<img fetchpriority=\"high\" decoding=\"async\" width=\"1080\" height=\"1080\" src=\"https:\/\/i0.wp.com\/osmstatecnych.cz\/wp-content\/uploads\/2025\/07\/Navrh-bez-nazvu-70.webp?fit=1080%2C1080&amp;ssl=1\" class=\"attachment-2048x2048 size-2048x2048 wp-image-22975\" alt=\"\" srcset=\"https:\/\/i0.wp.com\/osmstatecnych.cz\/wp-content\/uploads\/2025\/07\/Navrh-bez-nazvu-70.webp?w=1080&amp;ssl=1 1080w, https:\/\/i0.wp.com\/osmstatecnych.cz\/wp-content\/uploads\/2025\/07\/Navrh-bez-nazvu-70.webp?resize=300%2C300&amp;ssl=1 300w, https:\/\/i0.wp.com\/osmstatecnych.cz\/wp-content\/uploads\/2025\/07\/Navrh-bez-nazvu-70.webp?resize=1024%2C1024&amp;ssl=1 1024w, https:\/\/i0.wp.com\/osmstatecnych.cz\/wp-content\/uploads\/2025\/07\/Navrh-bez-nazvu-70.webp?resize=150%2C150&amp;ssl=1 150w, https:\/\/i0.wp.com\/osmstatecnych.cz\/wp-content\/uploads\/2025\/07\/Navrh-bez-nazvu-70.webp?resize=768%2C768&amp;ssl=1 768w, https:\/\/i0.wp.com\/osmstatecnych.cz\/wp-content\/uploads\/2025\/07\/Navrh-bez-nazvu-70.webp?resize=600%2C600&amp;ssl=1 600w\" sizes=\"(max-width: 1080px) 100vw, 1080px\" \/>\t\t\t\t\t\t\t\t\t\t\t\t\t\t\t<\/div>\n\t\t\t\t<\/div>\n\t\t\t\t<div class=\"elementor-element elementor-element-1c5861e elementor-widget elementor-widget-text-editor\" data-id=\"1c5861e\" data-element_type=\"widget\" data-e-type=\"widget\" data-widget_type=\"text-editor.default\">\n\t\t\t\t<div class=\"elementor-widget-container\">\n\t\t\t\t\t\t\t\t\t<h1><a href=\"https:\/\/nv.ua\/opinion\/russkij-majdan-o-nastojashchem-soprotivlenii-kremlju-2054306.html#goog_rewarded\" target=\"_blank\" rel=\"noopener\">Russian Maidan<\/a><\/h1>\n<h5><span>D-SORM &#8211; &#8220;Slavic Union Russian Maidan&#8221; Movement<\/span><\/h5>\n<p>Veterans of the Russian resistance movement.<\/p>\n<p><b>Since the beginning of the war in Donbas, they have claimed responsibility for the following actions:<\/b><\/p>\n<ul>\n<li><span style=\"font-weight: 400;\">Arson of the house of Anatoly Artyukh, assistant to MP Vitaly Milonov<\/span><\/li>\n<li><span style=\"font-weight: 400;\">The beating of the chairman of a local community in Donbas, editor-in-chief of the newspaper &#8220;Society and Ecology,&#8221; Sergey Lisovsky.<\/span><\/li>\n<li><span style=\"font-weight: 400;\">Arson of the doors of the &#8220;Komsomolskaya Pravda&#8221; newspaper in Saint Petersburg<\/span><\/li>\n<li><span style=\"font-weight: 400;\">Arson of the entrance to Prigozhin&#8217;s famous troll factory at 55 Savushkina Street (using a tire)<\/span><\/li>\n<li><span style=\"font-weight: 400;\">The beating of &#8220;United Russia&#8221; campaigners and the destruction of their campaign tent<\/span><\/li>\n<li><span style=\"font-weight: 400;\">Arson of the doors of the &#8220;United Russia&#8221; office in Saint Petersburg<\/span><\/li>\n<li><span style=\"font-weight: 400;\">Arson of the &#8220;Novorossiya&#8221; museum<\/span><\/li>\n<li><span style=\"font-weight: 400;\">A Molotov cocktail thrown into the headquarters of Prigozhin&#8217;s troll empire\u2014the FAN agency<\/span><\/li>\n<\/ul>\t\t\t\t\t\t\t\t<\/div>\n\t\t\t\t<\/div>\n\t\t\t\t<\/div>\n\t\t\t\t<\/div>\n\t\t<div class=\"elementor-element elementor-element-196c463 e-flex e-con-boxed e-con e-parent\" data-id=\"196c463\" data-element_type=\"container\" data-e-type=\"container\">\n\t\t\t\t\t<div class=\"e-con-inner\">\n\t\t\t\t<div class=\"elementor-element elementor-element-a2a9699 elementor-widget elementor-widget-text-editor\" data-id=\"a2a9699\" data-element_type=\"widget\" data-e-type=\"widget\" data-widget_type=\"text-editor.default\">\n\t\t\t\t<div class=\"elementor-widget-container\">\n\t\t\t\t\t\t\t\t\t<h5><b>What message do you want to send to people in the West who will be reading this interview?<\/b><\/h5>\n<p><span style=\"font-weight: 400;\">Rise up with us. Stop doubting unnecessarily, cast aside shameful excuses. There is one enemy\u2014and we must be united. &#8220;We call them freedom fighters. We have an obligation to help them.&#8221; \u2014 Ronald Reagan, 1985.   <\/span><\/p>\n<h5><b>Where do you see yourself in five years?<\/b><\/h5>\n<p><span style=\"font-weight: 400;\">I hope in Ukraine or in Russia.<\/span><\/p>\n<h5><b>What do you need to defeat the regime?<\/b><\/h5>\n<p><span style=\"font-weight: 400;\">According to Dante: &#8220;All doubt must here be left behind&#8230;&#8221;<\/span><\/p>\n<p><span style=\"font-weight: 400;\">And besides determination itself\u2014only time.<\/span><\/p>\n<p> <\/p>\n<p><a href=\"https:\/\/osmstatecnych.cz\/overtonovo-okno-pro-rusky-odboj\/\" target=\"_blank\" rel=\"noopener\"><strong>MORE INTERVIEWS<\/strong><\/a><\/p>\t\t\t\t\t\t\t\t<\/div>\n\t\t\t\t<\/div>\n\t\t\t\t\t<\/div>\n\t\t\t\t<\/div>\n\t\t\t\t<section class=\"elementor-section elementor-top-section elementor-element elementor-element-1a30475e elementor-section-content-middle elementor-section-boxed elementor-section-height-default elementor-section-height-default\" data-id=\"1a30475e\" data-element_type=\"section\" data-e-type=\"section\" data-settings=\"{&quot;background_background&quot;:&quot;classic&quot;}\">\n\t\t\t\t\t\t\t<div class=\"elementor-background-overlay\"><\/div>\n\t\t\t\t\t\t\t<div class=\"elementor-container elementor-column-gap-default\">\n\t\t\t\t\t<div class=\"elementor-column elementor-col-50 elementor-top-column elementor-element elementor-element-7de36624\" data-id=\"7de36624\" data-element_type=\"column\" data-e-type=\"column\" data-settings=\"{&quot;background_background&quot;:&quot;classic&quot;}\">\n\t\t\t<div class=\"elementor-widget-wrap elementor-element-populated\">\n\t\t\t\t\t\t<div class=\"elementor-element elementor-element-5bc4cad8 elementor-widget elementor-widget-image\" data-id=\"5bc4cad8\" data-element_type=\"widget\" data-e-type=\"widget\" data-widget_type=\"image.default\">\n\t\t\t\t<div class=\"elementor-widget-container\">\n\t\t\t\t\t\t\t\t\t\t\t\t\t\t\t\t<a href=\"https:\/\/www.startovac.cz\/projekty\/rusove-kteri-nemlci-patron\">\n\t\t\t\t\t\t\t<img decoding=\"async\" src=\"https:\/\/i0.wp.com\/osmstatecnych.cz\/wp-content\/uploads\/2025\/09\/icon-1.png?fit=250%2C250&#038;ssl=1\" title=\"icon (1)\" alt=\"icon (1)\" loading=\"lazy\" \/>\t\t\t\t\t\t\t\t<\/a>\n\t\t\t\t\t\t\t\t\t\t\t\t\t\t\t<\/div>\n\t\t\t\t<\/div>\n\t\t\t\t\t<\/div>\n\t\t<\/div>\n\t\t\t\t<div class=\"elementor-column elementor-col-50 elementor-top-column elementor-element elementor-element-152852a6\" data-id=\"152852a6\" data-element_type=\"column\" data-e-type=\"column\">\n\t\t\t<div class=\"elementor-widget-wrap elementor-element-populated\">\n\t\t\t\t\t\t<div class=\"elementor-element elementor-element-7153be24 elementor-widget-mobile__width-initial elementor-widget elementor-widget-heading\" data-id=\"7153be24\" data-element_type=\"widget\" data-e-type=\"widget\" data-widget_type=\"heading.default\">\n\t\t\t\t<div class=\"elementor-widget-container\">\n\t\t\t\t\t<h4 class=\"elementor-heading-title elementor-size-default\">RUSSIANS WHO ARE NOT SILENT | PATRON<\/h4>\t\t\t\t<\/div>\n\t\t\t\t<\/div>\n\t\t\t\t<div class=\"elementor-element elementor-element-792f9215 elementor-widget elementor-widget-text-editor\" data-id=\"792f9215\" data-element_type=\"widget\" data-e-type=\"widget\" data-widget_type=\"text-editor.default\">\n\t\t\t\t<div class=\"elementor-widget-container\">\n\t\t\t\t\t\t\t\t\t<p><span>Let&#8217;s push the Russian resistance into the public debate. Let&#8217;s thumb our noses at the Russian regime and our own prejudices. If we talk and write about them\u2014and if there are many of us\u2014propaganda will have a harder time. And that is already something.   <\/span><\/p>\n<p><span>Every bit counts.<\/span><\/p>\t\t\t\t\t\t\t\t<\/div>\n\t\t\t\t<\/div>\n\t\t\t\t<div class=\"elementor-element elementor-element-38335505 elementor-align-right elementor-mobile-align-center elementor-widget elementor-widget-button\" data-id=\"38335505\" data-element_type=\"widget\" data-e-type=\"widget\" data-widget_type=\"button.default\">\n\t\t\t\t<div class=\"elementor-widget-container\">\n\t\t\t\t\t\t\t\t\t<div class=\"elementor-button-wrapper\">\n\t\t\t\t\t<a class=\"elementor-button elementor-button-link elementor-size-lg elementor-animation-shrink\" href=\"https:\/\/www.startovac.cz\/projekty\/rusove-kteri-nemlci-patron\">\n\t\t\t\t\t\t<span class=\"elementor-button-content-wrapper\">\n\t\t\t\t\t\t\t\t\t<span class=\"elementor-button-text\">RUSSIANS WHO ARE NOT SILENT | PATRON<\/span>\n\t\t\t\t\t<\/span>\n\t\t\t\t\t<\/a>\n\t\t\t\t<\/div>\n\t\t\t\t\t\t\t\t<\/div>\n\t\t\t\t<\/div>\n\t\t\t\t<div class=\"elementor-element elementor-element-7b85355 elementor-align-right elementor-mobile-align-center elementor-widget elementor-widget-button\" data-id=\"7b85355\" data-element_type=\"widget\" data-e-type=\"widget\" data-widget_type=\"button.default\">\n\t\t\t\t<div class=\"elementor-widget-container\">\n\t\t\t\t\t\t\t\t\t<div class=\"elementor-button-wrapper\">\n\t\t\t\t\t<a class=\"elementor-button elementor-button-link elementor-size-lg elementor-animation-shrink\" href=\"https:\/\/donate.stripe.com\/14keVk8phcEjb2E8wP\">\n\t\t\t\t\t\t<span class=\"elementor-button-content-wrapper\">\n\t\t\t\t\t\t\t\t\t<span class=\"elementor-button-text\">ONE-TIME SUPPORT | STRIPE<\/span>\n\t\t\t\t\t<\/span>\n\t\t\t\t\t<\/a>\n\t\t\t\t<\/div>\n\t\t\t\t\t\t\t\t<\/div>\n\t\t\t\t<\/div>\n\t\t\t\t\t<\/div>\n\t\t<\/div>\n\t\t\t\t\t<\/div>\n\t\t<\/section>\n\t\t\t\t<\/div>\n\t\t","protected":false},"excerpt":{"rendered":"<p>A member of the resistance movement using the nickname Brigadier Stepan from the Russian Maidan movement (D-SORM) answered our questions for the Overton Window. What kind of life would you be living if the war in Ukraine had not broken out? In fact, it was bound to happen. A more accurate phrasing would be &#8220;if [&hellip;]<\/p>\n","protected":false},"author":1,"featured_media":0,"comment_status":"closed","ping_status":"closed","sticky":false,"template":"","format":"standard","meta":{"ocean_post_layout":"","ocean_both_sidebars_style":"","ocean_both_sidebars_content_width":0,"ocean_both_sidebars_sidebars_width":0,"ocean_sidebar":"","ocean_second_sidebar":"","ocean_disable_margins":"enable","ocean_add_body_class":"","ocean_shortcode_before_top_bar":"","ocean_shortcode_after_top_bar":"","ocean_shortcode_before_header":"","ocean_shortcode_after_header":"","ocean_has_shortcode":"","ocean_shortcode_after_title":"","ocean_shortcode_before_footer_widgets":"","ocean_shortcode_after_footer_widgets":"","ocean_shortcode_before_footer_bottom":"","ocean_shortcode_after_footer_bottom":"","ocean_display_top_bar":"default","ocean_display_header":"default","ocean_header_style":"","ocean_center_header_left_menu":"","ocean_custom_header_template":"","ocean_custom_logo":0,"ocean_custom_retina_logo":0,"ocean_custom_logo_max_width":0,"ocean_custom_logo_tablet_max_width":0,"ocean_custom_logo_mobile_max_width":0,"ocean_custom_logo_max_height":0,"ocean_custom_logo_tablet_max_height":0,"ocean_custom_logo_mobile_max_height":0,"ocean_header_custom_menu":"","ocean_menu_typo_font_family":"","ocean_menu_typo_font_subset":"","ocean_menu_typo_font_size":0,"ocean_menu_typo_font_size_tablet":0,"ocean_menu_typo_font_size_mobile":0,"ocean_menu_typo_font_size_unit":"px","ocean_menu_typo_font_weight":"","ocean_menu_typo_font_weight_tablet":"","ocean_menu_typo_font_weight_mobile":"","ocean_menu_typo_transform":"","ocean_menu_typo_transform_tablet":"","ocean_menu_typo_transform_mobile":"","ocean_menu_typo_line_height":0,"ocean_menu_typo_line_height_tablet":0,"ocean_menu_typo_line_height_mobile":0,"ocean_menu_typo_line_height_unit":"","ocean_menu_typo_spacing":0,"ocean_menu_typo_spacing_tablet":0,"ocean_menu_typo_spacing_mobile":0,"ocean_menu_typo_spacing_unit":"","ocean_menu_link_color":"","ocean_menu_link_color_hover":"","ocean_menu_link_color_active":"","ocean_menu_link_background":"","ocean_menu_link_hover_background":"","ocean_menu_link_active_background":"","ocean_menu_social_links_bg":"","ocean_menu_social_hover_links_bg":"","ocean_menu_social_links_color":"","ocean_menu_social_hover_links_color":"","ocean_disable_title":"default","ocean_disable_heading":"default","ocean_post_title":"","ocean_post_subheading":"","ocean_post_title_style":"","ocean_post_title_background_color":"","ocean_post_title_background":0,"ocean_post_title_bg_image_position":"","ocean_post_title_bg_image_attachment":"","ocean_post_title_bg_image_repeat":"","ocean_post_title_bg_image_size":"","ocean_post_title_height":0,"ocean_post_title_bg_overlay":0.5,"ocean_post_title_bg_overlay_color":"","ocean_disable_breadcrumbs":"default","ocean_breadcrumbs_color":"","ocean_breadcrumbs_separator_color":"","ocean_breadcrumbs_links_color":"","ocean_breadcrumbs_links_hover_color":"","ocean_display_footer_widgets":"default","ocean_display_footer_bottom":"default","ocean_custom_footer_template":"","omw_enable_modal_window":"enable","jetpack_post_was_ever_published":false,"_jetpack_newsletter_access":"","_jetpack_dont_email_post_to_subs":false,"_jetpack_newsletter_tier_id":0,"_jetpack_memberships_contains_paywalled_content":false,"_jetpack_memberships_contains_paid_content":false,"ocean_post_oembed":"","ocean_post_self_hosted_media":"","ocean_post_video_embed":"","ocean_link_format":"","ocean_link_format_target":"self","ocean_quote_format":"","ocean_quote_format_link":"post","ocean_gallery_link_images":"on","ocean_gallery_id":[],"footnotes":"","jetpack_publicize_message":"","jetpack_publicize_feature_enabled":true,"jetpack_social_post_already_shared":true,"jetpack_social_options":{"image_generator_settings":{"template":"highway","default_image_id":0,"font":"","enabled":false},"version":2},"_wpas_customize_per_network":false},"categories":[750],"tags":[793,744],"class_list":["post-22972","post","type-post","status-publish","format-standard","hentry","category-interviews","tag-russian-maidan","tag-united-resistance-front","entry"],"yoast_head":"<!-- This site is optimized with the Yoast SEO plugin v27.5 - https:\/\/yoast.com\/product\/yoast-seo-wordpress\/ -->\n<title>Brigadier Stepan on the Russian resistance - OSM \u221e STATE\u010cN\u00ddCH<\/title>\n<meta name=\"robots\" content=\"index, follow, max-snippet:-1, max-image-preview:large, max-video-preview:-1\" \/>\n<link rel=\"canonical\" href=\"https:\/\/osmstatecnych.cz\/en\/brigadier-stepan-on-the-russian-resistance\/\" \/>\n<meta property=\"og:locale\" content=\"en_US\" \/>\n<meta property=\"og:type\" content=\"article\" \/>\n<meta property=\"og:title\" content=\"Brigadier Stepan on the Russian resistance - OSM \u221e STATE\u010cN\u00ddCH\" \/>\n<meta property=\"og:description\" content=\"A member of the resistance movement using the nickname Brigadier Stepan from the Russian Maidan movement (D-SORM) answered our questions for the Overton Window. What kind of life would you be living if the war in Ukraine had not broken out? In fact, it was bound to happen. A more accurate phrasing would be &#8220;if [&hellip;]\" \/>\n<meta property=\"og:url\" content=\"https:\/\/osmstatecnych.cz\/en\/brigadier-stepan-on-the-russian-resistance\/\" \/>\n<meta property=\"og:site_name\" content=\"OSM \u221e STATE\u010cN\u00ddCH\" \/>\n<meta property=\"article:published_time\" content=\"2025-07-10T17:54:55+00:00\" \/>\n<meta property=\"article:modified_time\" content=\"2026-03-27T23:50:52+00:00\" \/>\n<meta property=\"og:image\" content=\"https:\/\/osmstatecnych.cz\/wp-content\/uploads\/2025\/07\/BRIGADYR-STEPAN.png\" \/>\n\t<meta property=\"og:image:width\" content=\"1277\" \/>\n\t<meta property=\"og:image:height\" content=\"473\" \/>\n\t<meta property=\"og:image:type\" content=\"image\/png\" \/>\n<meta name=\"author\" content=\"Anna Valentov\u00e1\" \/>\n<meta name=\"twitter:label1\" content=\"Written by\" \/>\n\t<meta name=\"twitter:data1\" content=\"Anna Valentov\u00e1\" \/>\n\t<meta name=\"twitter:label2\" content=\"Est. reading time\" \/>\n\t<meta name=\"twitter:data2\" content=\"2 minutes\" \/>\n<script type=\"application\/ld+json\" class=\"yoast-schema-graph\">{\"@context\":\"https:\\\/\\\/schema.org\",\"@graph\":[{\"@type\":\"Article\",\"@id\":\"https:\\\/\\\/osmstatecnych.cz\\\/en\\\/brigadier-stepan-on-the-russian-resistance\\\/#article\",\"isPartOf\":{\"@id\":\"https:\\\/\\\/osmstatecnych.cz\\\/en\\\/brigadier-stepan-on-the-russian-resistance\\\/\"},\"author\":{\"name\":\"Anna Valentov\u00e1\",\"@id\":\"https:\\\/\\\/osmstatecnych.cz\\\/en\\\/#\\\/schema\\\/person\\\/22b295a49f97c1c5adc48db20fb99403\"},\"headline\":\"Brigadier Stepan on the Russian resistance\",\"datePublished\":\"2025-07-10T17:54:55+00:00\",\"dateModified\":\"2026-03-27T23:50:52+00:00\",\"mainEntityOfPage\":{\"@id\":\"https:\\\/\\\/osmstatecnych.cz\\\/en\\\/brigadier-stepan-on-the-russian-resistance\\\/\"},\"wordCount\":498,\"publisher\":{\"@id\":\"https:\\\/\\\/osmstatecnych.cz\\\/en\\\/#\\\/schema\\\/person\\\/22b295a49f97c1c5adc48db20fb99403\"},\"image\":{\"@id\":\"https:\\\/\\\/osmstatecnych.cz\\\/en\\\/brigadier-stepan-on-the-russian-resistance\\\/#primaryimage\"},\"thumbnailUrl\":\"https:\\\/\\\/osmstatecnych.cz\\\/wp-content\\\/uploads\\\/2025\\\/07\\\/Navrh-bez-nazvu-70.webp\",\"keywords\":[\"RUSSIAN MAIDAN\",\"UNITED RESISTANCE FRONT\"],\"articleSection\":[\"INTERVIEWS\"],\"inLanguage\":\"en-US\"},{\"@type\":\"WebPage\",\"@id\":\"https:\\\/\\\/osmstatecnych.cz\\\/en\\\/brigadier-stepan-on-the-russian-resistance\\\/\",\"url\":\"https:\\\/\\\/osmstatecnych.cz\\\/en\\\/brigadier-stepan-on-the-russian-resistance\\\/\",\"name\":\"Brigadier Stepan on the Russian resistance - OSM \u221e STATE\u010cN\u00ddCH\",\"isPartOf\":{\"@id\":\"https:\\\/\\\/osmstatecnych.cz\\\/en\\\/#website\"},\"primaryImageOfPage\":{\"@id\":\"https:\\\/\\\/osmstatecnych.cz\\\/en\\\/brigadier-stepan-on-the-russian-resistance\\\/#primaryimage\"},\"image\":{\"@id\":\"https:\\\/\\\/osmstatecnych.cz\\\/en\\\/brigadier-stepan-on-the-russian-resistance\\\/#primaryimage\"},\"thumbnailUrl\":\"https:\\\/\\\/osmstatecnych.cz\\\/wp-content\\\/uploads\\\/2025\\\/07\\\/Navrh-bez-nazvu-70.webp\",\"datePublished\":\"2025-07-10T17:54:55+00:00\",\"dateModified\":\"2026-03-27T23:50:52+00:00\",\"breadcrumb\":{\"@id\":\"https:\\\/\\\/osmstatecnych.cz\\\/en\\\/brigadier-stepan-on-the-russian-resistance\\\/#breadcrumb\"},\"inLanguage\":\"en-US\",\"potentialAction\":[{\"@type\":\"ReadAction\",\"target\":[\"https:\\\/\\\/osmstatecnych.cz\\\/en\\\/brigadier-stepan-on-the-russian-resistance\\\/\"]}]},{\"@type\":\"ImageObject\",\"inLanguage\":\"en-US\",\"@id\":\"https:\\\/\\\/osmstatecnych.cz\\\/en\\\/brigadier-stepan-on-the-russian-resistance\\\/#primaryimage\",\"url\":\"https:\\\/\\\/osmstatecnych.cz\\\/wp-content\\\/uploads\\\/2025\\\/07\\\/Navrh-bez-nazvu-70.webp\",\"contentUrl\":\"https:\\\/\\\/osmstatecnych.cz\\\/wp-content\\\/uploads\\\/2025\\\/07\\\/Navrh-bez-nazvu-70.webp\"},{\"@type\":\"BreadcrumbList\",\"@id\":\"https:\\\/\\\/osmstatecnych.cz\\\/en\\\/brigadier-stepan-on-the-russian-resistance\\\/#breadcrumb\",\"itemListElement\":[{\"@type\":\"ListItem\",\"position\":1,\"name\":\"Dom\u016f\",\"item\":\"https:\\\/\\\/osmstatecnych.cz\\\/en\\\/\"},{\"@type\":\"ListItem\",\"position\":2,\"name\":\"Brigadier Stepan on the Russian resistance\"}]},{\"@type\":\"WebSite\",\"@id\":\"https:\\\/\\\/osmstatecnych.cz\\\/en\\\/#website\",\"url\":\"https:\\\/\\\/osmstatecnych.cz\\\/en\\\/\",\"name\":\"OSM \u221e STATE\u010cN\u00ddCH\",\"description\":\"\",\"publisher\":{\"@id\":\"https:\\\/\\\/osmstatecnych.cz\\\/en\\\/#\\\/schema\\\/person\\\/22b295a49f97c1c5adc48db20fb99403\"},\"potentialAction\":[{\"@type\":\"SearchAction\",\"target\":{\"@type\":\"EntryPoint\",\"urlTemplate\":\"https:\\\/\\\/osmstatecnych.cz\\\/en\\\/?s={search_term_string}\"},\"query-input\":{\"@type\":\"PropertyValueSpecification\",\"valueRequired\":true,\"valueName\":\"search_term_string\"}}],\"inLanguage\":\"en-US\"},{\"@type\":[\"Person\",\"Organization\"],\"@id\":\"https:\\\/\\\/osmstatecnych.cz\\\/en\\\/#\\\/schema\\\/person\\\/22b295a49f97c1c5adc48db20fb99403\",\"name\":\"Anna Valentov\u00e1\",\"image\":{\"@type\":\"ImageObject\",\"inLanguage\":\"en-US\",\"@id\":\"https:\\\/\\\/secure.gravatar.com\\\/avatar\\\/87b561c64f624990122c0bf4b0170aaf0d549538d69db5aeecbca3abcfd7d3f4?s=96&d=mm&r=g\",\"url\":\"https:\\\/\\\/secure.gravatar.com\\\/avatar\\\/87b561c64f624990122c0bf4b0170aaf0d549538d69db5aeecbca3abcfd7d3f4?s=96&d=mm&r=g\",\"contentUrl\":\"https:\\\/\\\/secure.gravatar.com\\\/avatar\\\/87b561c64f624990122c0bf4b0170aaf0d549538d69db5aeecbca3abcfd7d3f4?s=96&d=mm&r=g\",\"caption\":\"Anna Valentov\u00e1\"},\"logo\":{\"@id\":\"https:\\\/\\\/secure.gravatar.com\\\/avatar\\\/87b561c64f624990122c0bf4b0170aaf0d549538d69db5aeecbca3abcfd7d3f4?s=96&d=mm&r=g\"},\"description\":\"Narozena 1968. Pra\u017e\u00e1k v jizerskohorsk\u00e9m exilu. Vlastn\u011b po\u0159\u00e1d p\u0159ekl\u00e1d\u00e1m. Jako tlumo\u010dn\u00edk mezi z\u00fa\u010dastn\u011bn\u00fdmi stranami a rozpl\u00e9ta\u010d zapleten\u00e9ho kdysi v terapii... Taky kdy\u017e se d\u00e1 p\u0159elo\u017eit n\u011bco kr\u00e1sn\u00e9ho nebo d\u016fle\u017eit\u00e9ho - aby o tom v\u011bd\u011blo v\u00edc lid\u00ed. No - a te\u010f je v\u00e1lka. A najednou je to v\u0161echno t\u0159eba. Snad to aspo\u0148 kouskem p\u0159isp\u011bje...\",\"url\":\"https:\\\/\\\/osmstatecnych.cz\\\/en\\\/author\\\/admin\\\/\"}]}<\/script>\n<!-- \/ Yoast SEO plugin. -->","yoast_head_json":{"title":"Brigadier Stepan on the Russian resistance - OSM \u221e STATE\u010cN\u00ddCH","robots":{"index":"index","follow":"follow","max-snippet":"max-snippet:-1","max-image-preview":"max-image-preview:large","max-video-preview":"max-video-preview:-1"},"canonical":"https:\/\/osmstatecnych.cz\/en\/brigadier-stepan-on-the-russian-resistance\/","og_locale":"en_US","og_type":"article","og_title":"Brigadier Stepan on the Russian resistance - OSM \u221e STATE\u010cN\u00ddCH","og_description":"A member of the resistance movement using the nickname Brigadier Stepan from the Russian Maidan movement (D-SORM) answered our questions for the Overton Window. What kind of life would you be living if the war in Ukraine had not broken out? In fact, it was bound to happen. A more accurate phrasing would be &#8220;if [&hellip;]","og_url":"https:\/\/osmstatecnych.cz\/en\/brigadier-stepan-on-the-russian-resistance\/","og_site_name":"OSM \u221e STATE\u010cN\u00ddCH","article_published_time":"2025-07-10T17:54:55+00:00","article_modified_time":"2026-03-27T23:50:52+00:00","og_image":[{"width":1277,"height":473,"url":"https:\/\/osmstatecnych.cz\/wp-content\/uploads\/2025\/07\/BRIGADYR-STEPAN.png","type":"image\/png"}],"author":"Anna Valentov\u00e1","twitter_misc":{"Written by":"Anna Valentov\u00e1","Est. reading time":"2 minutes"},"schema":{"@context":"https:\/\/schema.org","@graph":[{"@type":"Article","@id":"https:\/\/osmstatecnych.cz\/en\/brigadier-stepan-on-the-russian-resistance\/#article","isPartOf":{"@id":"https:\/\/osmstatecnych.cz\/en\/brigadier-stepan-on-the-russian-resistance\/"},"author":{"name":"Anna Valentov\u00e1","@id":"https:\/\/osmstatecnych.cz\/en\/#\/schema\/person\/22b295a49f97c1c5adc48db20fb99403"},"headline":"Brigadier Stepan on the Russian resistance","datePublished":"2025-07-10T17:54:55+00:00","dateModified":"2026-03-27T23:50:52+00:00","mainEntityOfPage":{"@id":"https:\/\/osmstatecnych.cz\/en\/brigadier-stepan-on-the-russian-resistance\/"},"wordCount":498,"publisher":{"@id":"https:\/\/osmstatecnych.cz\/en\/#\/schema\/person\/22b295a49f97c1c5adc48db20fb99403"},"image":{"@id":"https:\/\/osmstatecnych.cz\/en\/brigadier-stepan-on-the-russian-resistance\/#primaryimage"},"thumbnailUrl":"https:\/\/osmstatecnych.cz\/wp-content\/uploads\/2025\/07\/Navrh-bez-nazvu-70.webp","keywords":["RUSSIAN MAIDAN","UNITED RESISTANCE FRONT"],"articleSection":["INTERVIEWS"],"inLanguage":"en-US"},{"@type":"WebPage","@id":"https:\/\/osmstatecnych.cz\/en\/brigadier-stepan-on-the-russian-resistance\/","url":"https:\/\/osmstatecnych.cz\/en\/brigadier-stepan-on-the-russian-resistance\/","name":"Brigadier Stepan on the Russian resistance - OSM \u221e STATE\u010cN\u00ddCH","isPartOf":{"@id":"https:\/\/osmstatecnych.cz\/en\/#website"},"primaryImageOfPage":{"@id":"https:\/\/osmstatecnych.cz\/en\/brigadier-stepan-on-the-russian-resistance\/#primaryimage"},"image":{"@id":"https:\/\/osmstatecnych.cz\/en\/brigadier-stepan-on-the-russian-resistance\/#primaryimage"},"thumbnailUrl":"https:\/\/osmstatecnych.cz\/wp-content\/uploads\/2025\/07\/Navrh-bez-nazvu-70.webp","datePublished":"2025-07-10T17:54:55+00:00","dateModified":"2026-03-27T23:50:52+00:00","breadcrumb":{"@id":"https:\/\/osmstatecnych.cz\/en\/brigadier-stepan-on-the-russian-resistance\/#breadcrumb"},"inLanguage":"en-US","potentialAction":[{"@type":"ReadAction","target":["https:\/\/osmstatecnych.cz\/en\/brigadier-stepan-on-the-russian-resistance\/"]}]},{"@type":"ImageObject","inLanguage":"en-US","@id":"https:\/\/osmstatecnych.cz\/en\/brigadier-stepan-on-the-russian-resistance\/#primaryimage","url":"https:\/\/osmstatecnych.cz\/wp-content\/uploads\/2025\/07\/Navrh-bez-nazvu-70.webp","contentUrl":"https:\/\/osmstatecnych.cz\/wp-content\/uploads\/2025\/07\/Navrh-bez-nazvu-70.webp"},{"@type":"BreadcrumbList","@id":"https:\/\/osmstatecnych.cz\/en\/brigadier-stepan-on-the-russian-resistance\/#breadcrumb","itemListElement":[{"@type":"ListItem","position":1,"name":"Dom\u016f","item":"https:\/\/osmstatecnych.cz\/en\/"},{"@type":"ListItem","position":2,"name":"Brigadier Stepan on the Russian resistance"}]},{"@type":"WebSite","@id":"https:\/\/osmstatecnych.cz\/en\/#website","url":"https:\/\/osmstatecnych.cz\/en\/","name":"OSM \u221e STATE\u010cN\u00ddCH","description":"","publisher":{"@id":"https:\/\/osmstatecnych.cz\/en\/#\/schema\/person\/22b295a49f97c1c5adc48db20fb99403"},"potentialAction":[{"@type":"SearchAction","target":{"@type":"EntryPoint","urlTemplate":"https:\/\/osmstatecnych.cz\/en\/?s={search_term_string}"},"query-input":{"@type":"PropertyValueSpecification","valueRequired":true,"valueName":"search_term_string"}}],"inLanguage":"en-US"},{"@type":["Person","Organization"],"@id":"https:\/\/osmstatecnych.cz\/en\/#\/schema\/person\/22b295a49f97c1c5adc48db20fb99403","name":"Anna Valentov\u00e1","image":{"@type":"ImageObject","inLanguage":"en-US","@id":"https:\/\/secure.gravatar.com\/avatar\/87b561c64f624990122c0bf4b0170aaf0d549538d69db5aeecbca3abcfd7d3f4?s=96&d=mm&r=g","url":"https:\/\/secure.gravatar.com\/avatar\/87b561c64f624990122c0bf4b0170aaf0d549538d69db5aeecbca3abcfd7d3f4?s=96&d=mm&r=g","contentUrl":"https:\/\/secure.gravatar.com\/avatar\/87b561c64f624990122c0bf4b0170aaf0d549538d69db5aeecbca3abcfd7d3f4?s=96&d=mm&r=g","caption":"Anna Valentov\u00e1"},"logo":{"@id":"https:\/\/secure.gravatar.com\/avatar\/87b561c64f624990122c0bf4b0170aaf0d549538d69db5aeecbca3abcfd7d3f4?s=96&d=mm&r=g"},"description":"Narozena 1968. Pra\u017e\u00e1k v jizerskohorsk\u00e9m exilu. Vlastn\u011b po\u0159\u00e1d p\u0159ekl\u00e1d\u00e1m. Jako tlumo\u010dn\u00edk mezi z\u00fa\u010dastn\u011bn\u00fdmi stranami a rozpl\u00e9ta\u010d zapleten\u00e9ho kdysi v terapii... Taky kdy\u017e se d\u00e1 p\u0159elo\u017eit n\u011bco kr\u00e1sn\u00e9ho nebo d\u016fle\u017eit\u00e9ho - aby o tom v\u011bd\u011blo v\u00edc lid\u00ed. No - a te\u010f je v\u00e1lka. A najednou je to v\u0161echno t\u0159eba. Snad to aspo\u0148 kouskem p\u0159isp\u011bje...","url":"https:\/\/osmstatecnych.cz\/en\/author\/admin\/"}]}},"jetpack_publicize_connections":[],"jetpack_featured_media_url":"","jetpack-related-posts":[{"id":22410,"url":"https:\/\/osmstatecnych.cz\/en\/chek-on-the-russian-resistance\/","url_meta":{"origin":22972,"position":0},"title":"Chek on the Russian resistance","author":"Anna Valentov\u00e1","date":"20. 1. 2026","format":false,"excerpt":"Our questions were answered by a member of the resistance movement with the call sign Chek from the Kuban Partisan Movement. What kind of life would you be living if the war in Ukraine had not broken out? Hello, I am from the KPD, my call sign is Chek. When\u2026","rel":"","context":"In &quot;INTERVIEWS&quot;","block_context":{"text":"INTERVIEWS","link":"https:\/\/osmstatecnych.cz\/en\/category\/interviews\/"},"img":{"alt_text":"Overtonovo okno | Kub\u00e1\u0148sk\u00e9 partyz\u00e1nsk\u00e9 hnut\u00ed","src":"https:\/\/i0.wp.com\/osmstatecnych.cz\/wp-content\/uploads\/2025\/07\/FORUM-SVOBODNEHO-RUSKA-Prispevek-na-Instagramu-25.webp?fit=1024%2C1024&ssl=1&resize=350%2C200","width":350,"height":200,"srcset":"https:\/\/i0.wp.com\/osmstatecnych.cz\/wp-content\/uploads\/2025\/07\/FORUM-SVOBODNEHO-RUSKA-Prispevek-na-Instagramu-25.webp?fit=1024%2C1024&ssl=1&resize=350%2C200 1x, https:\/\/i0.wp.com\/osmstatecnych.cz\/wp-content\/uploads\/2025\/07\/FORUM-SVOBODNEHO-RUSKA-Prispevek-na-Instagramu-25.webp?fit=1024%2C1024&ssl=1&resize=525%2C300 1.5x, https:\/\/i0.wp.com\/osmstatecnych.cz\/wp-content\/uploads\/2025\/07\/FORUM-SVOBODNEHO-RUSKA-Prispevek-na-Instagramu-25.webp?fit=1024%2C1024&ssl=1&resize=700%2C400 2x"},"classes":[]},{"id":23473,"url":"https:\/\/osmstatecnych.cz\/en\/lithuanians-stop-russian-hired-assassins\/","url_meta":{"origin":22972,"position":1},"title":"Lithuanians Stop Russian-Hired Assassins","author":"Anna Valentov\u00e1","date":"11. 4. 2026","format":false,"excerpt":"Ruslan Gabbasov, the exiled leader of the Bashkir resistance movement with a Russian bounty on his head, escaped thanks to Lithuanian secret services. Ruslan Gabbasov: More than a year ago, on Lithuania's Independence Day, Lithuanian security services managed to prevent an assassination attempt on my person. In the interest of\u2026","rel":"","context":"In &quot;POLITICAL INITIATIVES&quot;","block_context":{"text":"POLITICAL INITIATIVES","link":"https:\/\/osmstatecnych.cz\/en\/category\/political-initiatives\/"},"img":{"alt_text":"","src":"https:\/\/i0.wp.com\/osmstatecnych.cz\/wp-content\/uploads\/2026\/04\/RUSOVE-KTERI-NEMLCI-Uvodni-fotka-na-Facebooku-17.png?fit=851%2C315&ssl=1&resize=350%2C200","width":350,"height":200,"srcset":"https:\/\/i0.wp.com\/osmstatecnych.cz\/wp-content\/uploads\/2026\/04\/RUSOVE-KTERI-NEMLCI-Uvodni-fotka-na-Facebooku-17.png?fit=851%2C315&ssl=1&resize=350%2C200 1x, https:\/\/i0.wp.com\/osmstatecnych.cz\/wp-content\/uploads\/2026\/04\/RUSOVE-KTERI-NEMLCI-Uvodni-fotka-na-Facebooku-17.png?fit=851%2C315&ssl=1&resize=525%2C300 1.5x, https:\/\/i0.wp.com\/osmstatecnych.cz\/wp-content\/uploads\/2026\/04\/RUSOVE-KTERI-NEMLCI-Uvodni-fotka-na-Facebooku-17.png?fit=851%2C315&ssl=1&resize=700%2C400 2x"},"classes":[]},{"id":22504,"url":"https:\/\/osmstatecnych.cz\/en\/successful-operations-in-the-rear-save-lives-at-the-front\/","url_meta":{"origin":22972,"position":2},"title":"Successful operations in the rear save lives at the front","author":"Anna Valentov\u00e1","date":"22. 2. 2026","format":false,"excerpt":"An interview with the leader and founder of the Kuban Partisan Movement\u2014for those who have decided they will no longer be mere spectators. Source: V krizis While official reports speak of stability and major media aggregators produce a noise of disjointed videos, work \"in the field\" is handled quite differently.\u2026","rel":"","context":"In &quot;INTERVIEWS&quot;","block_context":{"text":"INTERVIEWS","link":"https:\/\/osmstatecnych.cz\/en\/category\/interviews\/"},"img":{"alt_text":"","src":"https:\/\/i0.wp.com\/osmstatecnych.cz\/wp-content\/uploads\/2026\/02\/RUSOVE-KTERI-NEMLCI-1920-x-1080-px-1920-x-1080-px-Uvodni-fotka-na-Facebooku-33.png?fit=851%2C315&ssl=1&resize=350%2C200","width":350,"height":200,"srcset":"https:\/\/i0.wp.com\/osmstatecnych.cz\/wp-content\/uploads\/2026\/02\/RUSOVE-KTERI-NEMLCI-1920-x-1080-px-1920-x-1080-px-Uvodni-fotka-na-Facebooku-33.png?fit=851%2C315&ssl=1&resize=350%2C200 1x, https:\/\/i0.wp.com\/osmstatecnych.cz\/wp-content\/uploads\/2026\/02\/RUSOVE-KTERI-NEMLCI-1920-x-1080-px-1920-x-1080-px-Uvodni-fotka-na-Facebooku-33.png?fit=851%2C315&ssl=1&resize=525%2C300 1.5x, https:\/\/i0.wp.com\/osmstatecnych.cz\/wp-content\/uploads\/2026\/02\/RUSOVE-KTERI-NEMLCI-1920-x-1080-px-1920-x-1080-px-Uvodni-fotka-na-Facebooku-33.png?fit=851%2C315&ssl=1&resize=700%2C400 2x"},"classes":[]},{"id":23610,"url":"https:\/\/osmstatecnych.cz\/en\/the-future-of-russia-is-being-decided-in-chechnya\/","url_meta":{"origin":22972,"position":3},"title":"The future of Russia is being decided in Chechnya","author":"HLAS","date":"19. 4. 2026","format":false,"excerpt":"For roughly thirty years, Chechnya has captured the world's attention to an extent that does not correspond to its size or political status. It was in this small country, which had about one million inhabitants at the time, that the future form of the Russian Federation was being decided: whether\u2026","rel":"","context":"In &quot;VOICE&quot;","block_context":{"text":"VOICE","link":"https:\/\/osmstatecnych.cz\/en\/category\/voice\/"},"img":{"alt_text":"","src":"https:\/\/i0.wp.com\/osmstatecnych.cz\/wp-content\/uploads\/2026\/04\/TITULNI.png?fit=851%2C315&ssl=1&resize=350%2C200","width":350,"height":200,"srcset":"https:\/\/i0.wp.com\/osmstatecnych.cz\/wp-content\/uploads\/2026\/04\/TITULNI.png?fit=851%2C315&ssl=1&resize=350%2C200 1x, https:\/\/i0.wp.com\/osmstatecnych.cz\/wp-content\/uploads\/2026\/04\/TITULNI.png?fit=851%2C315&ssl=1&resize=525%2C300 1.5x, https:\/\/i0.wp.com\/osmstatecnych.cz\/wp-content\/uploads\/2026\/04\/TITULNI.png?fit=851%2C315&ssl=1&resize=700%2C400 2x"},"classes":[]},{"id":23009,"url":"https:\/\/osmstatecnych.cz\/en\/anthology-of-will\/","url_meta":{"origin":22972,"position":4},"title":"Anthology of Will","author":"HLAS","date":"27. 3. 2026","format":false,"excerpt":"The partisan movement is slowly but surely engulfing Russia. This is the only possible policy for the Russian opposition. The time for discussions, ballots, and peaceful rallies has long passed. Only muscular energy, hard objects, and high temperatures are effective against the Putin regime. An armed struggle is underway against\u2026","rel":"","context":"In &quot;VOICE&quot;","block_context":{"text":"VOICE","link":"https:\/\/osmstatecnych.cz\/en\/category\/voice\/"},"img":{"alt_text":"","src":"","width":0,"height":0},"classes":[]},{"id":22455,"url":"https:\/\/osmstatecnych.cz\/en\/who-in-the-west-will-bat-for-the-partisans-in-russia\/","url_meta":{"origin":22972,"position":5},"title":"Who in the West will &#8220;bat&#8221; for the partisans in Russia?","author":"Anna Valentov\u00e1","date":"29. 1. 2026","format":false,"excerpt":"Partisans from the Kuban Partisan Movement (KPD) have also submitted a request for their representative to participate in the Platform for Dialogue with Russian democratic forces, which convened for the first time today. They had previously addressed a letter to the UN. What is the chance that the West will\u2026","rel":"","context":"In &quot;PARTISANS&quot;","block_context":{"text":"PARTISANS","link":"https:\/\/osmstatecnych.cz\/en\/category\/partisans\/"},"img":{"alt_text":"","src":"https:\/\/i0.wp.com\/osmstatecnych.cz\/wp-content\/uploads\/2026\/01\/RUSOVE-KTERI-NEMLCI-1920-x-1080-px-1920-x-1080-px-Uvodni-fotka-na-Facebooku-28.png?fit=851%2C315&ssl=1&resize=350%2C200","width":350,"height":200,"srcset":"https:\/\/i0.wp.com\/osmstatecnych.cz\/wp-content\/uploads\/2026\/01\/RUSOVE-KTERI-NEMLCI-1920-x-1080-px-1920-x-1080-px-Uvodni-fotka-na-Facebooku-28.png?fit=851%2C315&ssl=1&resize=350%2C200 1x, https:\/\/i0.wp.com\/osmstatecnych.cz\/wp-content\/uploads\/2026\/01\/RUSOVE-KTERI-NEMLCI-1920-x-1080-px-1920-x-1080-px-Uvodni-fotka-na-Facebooku-28.png?fit=851%2C315&ssl=1&resize=525%2C300 1.5x, https:\/\/i0.wp.com\/osmstatecnych.cz\/wp-content\/uploads\/2026\/01\/RUSOVE-KTERI-NEMLCI-1920-x-1080-px-1920-x-1080-px-Uvodni-fotka-na-Facebooku-28.png?fit=851%2C315&ssl=1&resize=700%2C400 2x"},"classes":[]}],"jetpack_sharing_enabled":true,"jetpack_likes_enabled":false,"_links":{"self":[{"href":"https:\/\/osmstatecnych.cz\/en\/wp-json\/wp\/v2\/posts\/22972","targetHints":{"allow":["GET"]}}],"collection":[{"href":"https:\/\/osmstatecnych.cz\/en\/wp-json\/wp\/v2\/posts"}],"about":[{"href":"https:\/\/osmstatecnych.cz\/en\/wp-json\/wp\/v2\/types\/post"}],"author":[{"embeddable":true,"href":"https:\/\/osmstatecnych.cz\/en\/wp-json\/wp\/v2\/users\/1"}],"replies":[{"embeddable":true,"href":"https:\/\/osmstatecnych.cz\/en\/wp-json\/wp\/v2\/comments?post=22972"}],"version-history":[{"count":12,"href":"https:\/\/osmstatecnych.cz\/en\/wp-json\/wp\/v2\/posts\/22972\/revisions"}],"predecessor-version":[{"id":23121,"href":"https:\/\/osmstatecnych.cz\/en\/wp-json\/wp\/v2\/posts\/22972\/revisions\/23121"}],"wp:attachment":[{"href":"https:\/\/osmstatecnych.cz\/en\/wp-json\/wp\/v2\/media?parent=22972"}],"wp:term":[{"taxonomy":"category","embeddable":true,"href":"https:\/\/osmstatecnych.cz\/en\/wp-json\/wp\/v2\/categories?post=22972"},{"taxonomy":"post_tag","embeddable":true,"href":"https:\/\/osmstatecnych.cz\/en\/wp-json\/wp\/v2\/tags?post=22972"}],"curies":[{"name":"wp","href":"https:\/\/api.w.org\/{rel}","templated":true}]}}