{"id":751,"count":3,"description":"\n\n<!-- Logo iniciativy -->\n\n<!-- Textov\u00fd popis iniciativy -->\n\n<strong>KUBAN PARTISAN MOVEMENT<\/strong>\n<strong>Original name: <\/strong>\u041a\u0443\u0431\u0430\u043d\u0441\u043a\u043e\u0435 \u043f\u0430\u0440\u0442\u0438\u0437\u0430\u043d\u0441\u043a\u043e\u0435 \u0434\u0432\u0438\u0436\u0435\u043d\u0438\u0435 \u2014 \u041a\u041f\u0414\n<strong>Start of activity: <\/strong>2023-03-16\n<strong>Country of origin: <\/strong>Russia\n<strong>Type of resistance: <\/strong>partisans\nA partisan initiative from Kuban fighting against the Putin regime. It has a number of successful operations to its credit. \n\n\n\n<!-- Linka a b\u00edl\u00fd prostor -->\n","link":"https:\/\/osmstatecnych.cz\/en\/tag\/kuban-partisan-movement\/","name":"KUBAN PARTISAN MOVEMENT","slug":"kuban-partisan-movement","taxonomy":"post_tag","meta":[],"yoast_head":"<!-- This site is optimized with the Yoast SEO plugin v27.5 - https:\/\/yoast.com\/product\/yoast-seo-wordpress\/ -->\n<title>KUBAN PARTISAN MOVEMENT Archivy - OSM \u221e STATE\u010cN\u00ddCH<\/title>\n<meta name=\"robots\" content=\"index, follow, max-snippet:-1, max-image-preview:large, max-video-preview:-1\" \/>\n<link rel=\"canonical\" href=\"https:\/\/osmstatecnych.cz\/en\/tag\/kuban-partisan-movement\/\" \/>\n<meta property=\"og:locale\" content=\"en_US\" \/>\n<meta property=\"og:type\" content=\"article\" \/>\n<meta property=\"og:title\" content=\"KUBAN PARTISAN MOVEMENT Archivy - OSM \u221e STATE\u010cN\u00ddCH\" \/>\n<meta property=\"og:description\" content=\"KUBAN PARTISAN MOVEMENT Original name: \u041a\u0443\u0431\u0430\u043d\u0441\u043a\u043e\u0435 \u043f\u0430\u0440\u0442\u0438\u0437\u0430\u043d\u0441\u043a\u043e\u0435 \u0434\u0432\u0438\u0436\u0435\u043d\u0438\u0435 \u2014 \u041a\u041f\u0414 Start of activity: 2023-03-16 Country of origin: Russia Type of resistance: partisans A partisan initiative from Kuban fighting against the Putin regime. It has a number of successful operations to its credit.\" \/>\n<meta property=\"og:url\" content=\"https:\/\/osmstatecnych.cz\/en\/tag\/kuban-partisan-movement\/\" \/>\n<meta property=\"og:site_name\" content=\"OSM \u221e STATE\u010cN\u00ddCH\" \/>\n<script type=\"application\/ld+json\" class=\"yoast-schema-graph\">{\"@context\":\"https:\\\/\\\/schema.org\",\"@graph\":[{\"@type\":\"CollectionPage\",\"@id\":\"https:\\\/\\\/osmstatecnych.cz\\\/en\\\/tag\\\/kuban-partisan-movement\\\/\",\"url\":\"https:\\\/\\\/osmstatecnych.cz\\\/en\\\/tag\\\/kuban-partisan-movement\\\/\",\"name\":\"KUBAN PARTISAN MOVEMENT Archivy - OSM \u221e STATE\u010cN\u00ddCH\",\"isPartOf\":{\"@id\":\"https:\\\/\\\/osmstatecnych.cz\\\/en\\\/#website\"},\"breadcrumb\":{\"@id\":\"https:\\\/\\\/osmstatecnych.cz\\\/en\\\/tag\\\/kuban-partisan-movement\\\/#breadcrumb\"},\"inLanguage\":\"en-US\"},{\"@type\":\"BreadcrumbList\",\"@id\":\"https:\\\/\\\/osmstatecnych.cz\\\/en\\\/tag\\\/kuban-partisan-movement\\\/#breadcrumb\",\"itemListElement\":[{\"@type\":\"ListItem\",\"position\":1,\"name\":\"Dom\u016f\",\"item\":\"https:\\\/\\\/osmstatecnych.cz\\\/en\\\/\"},{\"@type\":\"ListItem\",\"position\":2,\"name\":\"KUBAN PARTISAN MOVEMENT\"}]},{\"@type\":\"WebSite\",\"@id\":\"https:\\\/\\\/osmstatecnych.cz\\\/en\\\/#website\",\"url\":\"https:\\\/\\\/osmstatecnych.cz\\\/en\\\/\",\"name\":\"OSM \u221e STATE\u010cN\u00ddCH\",\"description\":\"\",\"publisher\":{\"@id\":\"https:\\\/\\\/osmstatecnych.cz\\\/en\\\/#\\\/schema\\\/person\\\/22b295a49f97c1c5adc48db20fb99403\"},\"potentialAction\":[{\"@type\":\"SearchAction\",\"target\":{\"@type\":\"EntryPoint\",\"urlTemplate\":\"https:\\\/\\\/osmstatecnych.cz\\\/en\\\/?s={search_term_string}\"},\"query-input\":{\"@type\":\"PropertyValueSpecification\",\"valueRequired\":true,\"valueName\":\"search_term_string\"}}],\"inLanguage\":\"en-US\"},{\"@type\":[\"Person\",\"Organization\"],\"@id\":\"https:\\\/\\\/osmstatecnych.cz\\\/en\\\/#\\\/schema\\\/person\\\/22b295a49f97c1c5adc48db20fb99403\",\"name\":\"Anna Valentov\u00e1\",\"image\":{\"@type\":\"ImageObject\",\"inLanguage\":\"en-US\",\"@id\":\"https:\\\/\\\/secure.gravatar.com\\\/avatar\\\/87b561c64f624990122c0bf4b0170aaf0d549538d69db5aeecbca3abcfd7d3f4?s=96&d=mm&r=g\",\"url\":\"https:\\\/\\\/secure.gravatar.com\\\/avatar\\\/87b561c64f624990122c0bf4b0170aaf0d549538d69db5aeecbca3abcfd7d3f4?s=96&d=mm&r=g\",\"contentUrl\":\"https:\\\/\\\/secure.gravatar.com\\\/avatar\\\/87b561c64f624990122c0bf4b0170aaf0d549538d69db5aeecbca3abcfd7d3f4?s=96&d=mm&r=g\",\"caption\":\"Anna Valentov\u00e1\"},\"logo\":{\"@id\":\"https:\\\/\\\/secure.gravatar.com\\\/avatar\\\/87b561c64f624990122c0bf4b0170aaf0d549538d69db5aeecbca3abcfd7d3f4?s=96&d=mm&r=g\"},\"description\":\"Narozena 1968. Pra\u017e\u00e1k v jizerskohorsk\u00e9m exilu. Vlastn\u011b po\u0159\u00e1d p\u0159ekl\u00e1d\u00e1m. Jako tlumo\u010dn\u00edk mezi z\u00fa\u010dastn\u011bn\u00fdmi stranami a rozpl\u00e9ta\u010d zapleten\u00e9ho kdysi v terapii... Taky kdy\u017e se d\u00e1 p\u0159elo\u017eit n\u011bco kr\u00e1sn\u00e9ho nebo d\u016fle\u017eit\u00e9ho - aby o tom v\u011bd\u011blo v\u00edc lid\u00ed. No - a te\u010f je v\u00e1lka. A najednou je to v\u0161echno t\u0159eba. Snad to aspo\u0148 kouskem p\u0159isp\u011bje...\"}]}<\/script>\n<!-- \/ Yoast SEO plugin. -->","yoast_head_json":{"title":"KUBAN PARTISAN MOVEMENT Archivy - OSM \u221e STATE\u010cN\u00ddCH","robots":{"index":"index","follow":"follow","max-snippet":"max-snippet:-1","max-image-preview":"max-image-preview:large","max-video-preview":"max-video-preview:-1"},"canonical":"https:\/\/osmstatecnych.cz\/en\/tag\/kuban-partisan-movement\/","og_locale":"en_US","og_type":"article","og_title":"KUBAN PARTISAN MOVEMENT Archivy - OSM \u221e STATE\u010cN\u00ddCH","og_description":"KUBAN PARTISAN MOVEMENT Original name: \u041a\u0443\u0431\u0430\u043d\u0441\u043a\u043e\u0435 \u043f\u0430\u0440\u0442\u0438\u0437\u0430\u043d\u0441\u043a\u043e\u0435 \u0434\u0432\u0438\u0436\u0435\u043d\u0438\u0435 \u2014 \u041a\u041f\u0414 Start of activity: 2023-03-16 Country of origin: Russia Type of resistance: partisans A partisan initiative from Kuban fighting against the Putin regime. It has a number of successful operations to its credit.","og_url":"https:\/\/osmstatecnych.cz\/en\/tag\/kuban-partisan-movement\/","og_site_name":"OSM \u221e STATE\u010cN\u00ddCH","schema":{"@context":"https:\/\/schema.org","@graph":[{"@type":"CollectionPage","@id":"https:\/\/osmstatecnych.cz\/en\/tag\/kuban-partisan-movement\/","url":"https:\/\/osmstatecnych.cz\/en\/tag\/kuban-partisan-movement\/","name":"KUBAN PARTISAN MOVEMENT Archivy - OSM \u221e STATE\u010cN\u00ddCH","isPartOf":{"@id":"https:\/\/osmstatecnych.cz\/en\/#website"},"breadcrumb":{"@id":"https:\/\/osmstatecnych.cz\/en\/tag\/kuban-partisan-movement\/#breadcrumb"},"inLanguage":"en-US"},{"@type":"BreadcrumbList","@id":"https:\/\/osmstatecnych.cz\/en\/tag\/kuban-partisan-movement\/#breadcrumb","itemListElement":[{"@type":"ListItem","position":1,"name":"Dom\u016f","item":"https:\/\/osmstatecnych.cz\/en\/"},{"@type":"ListItem","position":2,"name":"KUBAN PARTISAN MOVEMENT"}]},{"@type":"WebSite","@id":"https:\/\/osmstatecnych.cz\/en\/#website","url":"https:\/\/osmstatecnych.cz\/en\/","name":"OSM \u221e STATE\u010cN\u00ddCH","description":"","publisher":{"@id":"https:\/\/osmstatecnych.cz\/en\/#\/schema\/person\/22b295a49f97c1c5adc48db20fb99403"},"potentialAction":[{"@type":"SearchAction","target":{"@type":"EntryPoint","urlTemplate":"https:\/\/osmstatecnych.cz\/en\/?s={search_term_string}"},"query-input":{"@type":"PropertyValueSpecification","valueRequired":true,"valueName":"search_term_string"}}],"inLanguage":"en-US"},{"@type":["Person","Organization"],"@id":"https:\/\/osmstatecnych.cz\/en\/#\/schema\/person\/22b295a49f97c1c5adc48db20fb99403","name":"Anna Valentov\u00e1","image":{"@type":"ImageObject","inLanguage":"en-US","@id":"https:\/\/secure.gravatar.com\/avatar\/87b561c64f624990122c0bf4b0170aaf0d549538d69db5aeecbca3abcfd7d3f4?s=96&d=mm&r=g","url":"https:\/\/secure.gravatar.com\/avatar\/87b561c64f624990122c0bf4b0170aaf0d549538d69db5aeecbca3abcfd7d3f4?s=96&d=mm&r=g","contentUrl":"https:\/\/secure.gravatar.com\/avatar\/87b561c64f624990122c0bf4b0170aaf0d549538d69db5aeecbca3abcfd7d3f4?s=96&d=mm&r=g","caption":"Anna Valentov\u00e1"},"logo":{"@id":"https:\/\/secure.gravatar.com\/avatar\/87b561c64f624990122c0bf4b0170aaf0d549538d69db5aeecbca3abcfd7d3f4?s=96&d=mm&r=g"},"description":"Narozena 1968. Pra\u017e\u00e1k v jizerskohorsk\u00e9m exilu. Vlastn\u011b po\u0159\u00e1d p\u0159ekl\u00e1d\u00e1m. Jako tlumo\u010dn\u00edk mezi z\u00fa\u010dastn\u011bn\u00fdmi stranami a rozpl\u00e9ta\u010d zapleten\u00e9ho kdysi v terapii... Taky kdy\u017e se d\u00e1 p\u0159elo\u017eit n\u011bco kr\u00e1sn\u00e9ho nebo d\u016fle\u017eit\u00e9ho - aby o tom v\u011bd\u011blo v\u00edc lid\u00ed. No - a te\u010f je v\u00e1lka. A najednou je to v\u0161echno t\u0159eba. Snad to aspo\u0148 kouskem p\u0159isp\u011bje..."}]}},"_links":{"self":[{"href":"https:\/\/osmstatecnych.cz\/en\/wp-json\/wp\/v2\/tags\/751","targetHints":{"allow":["GET"]}}],"collection":[{"href":"https:\/\/osmstatecnych.cz\/en\/wp-json\/wp\/v2\/tags"}],"about":[{"href":"https:\/\/osmstatecnych.cz\/en\/wp-json\/wp\/v2\/taxonomies\/post_tag"}],"wp:post_type":[{"href":"https:\/\/osmstatecnych.cz\/en\/wp-json\/wp\/v2\/posts?tags=751"}],"curies":[{"name":"wp","href":"https:\/\/api.w.org\/{rel}","templated":true}]}}