{"id":758,"count":1,"description":"\n  \n  <!-- Logo iniciativy -->\n  \n    \n  \n\n  <!-- Textov\u00fd popis iniciativy -->\n  \n    \n      <strong>NEMTSOV BRIDGE<\/strong>\n    \n    \n      <strong>Original name: <\/strong>\u041d\u0415\u041c\u0426\u041e\u0412 \u041c\u041e\u0421\u0422\n    \n    \n      <strong>Start of activity: <\/strong>2015-02-27      <strong>Country of origin: <\/strong>Russia      <strong>Type of resistance: <\/strong>civic initiative\n    \n    \n  A civic initiative that cares for the memorial at the site of the murder of Russian opposition politician Boris Nemtsov every day, regardless of the weather, repression, or sabotage by the Russian regime.\n    \n\n  \n\n\n<!-- Linka a b\u00edl\u00fd prostor -->\n\n","link":"https:\/\/osmstatecnych.cz\/en\/tag\/nemtsov-bridge\/","name":"NEMTSOV BRIDGE","slug":"nemtsov-bridge","taxonomy":"post_tag","meta":[],"yoast_head":"<!-- This site is optimized with the Yoast SEO plugin v27.5 - https:\/\/yoast.com\/product\/yoast-seo-wordpress\/ -->\n<title>NEMTSOV BRIDGE Archivy - OSM \u221e STATE\u010cN\u00ddCH<\/title>\n<meta name=\"robots\" content=\"index, follow, max-snippet:-1, max-image-preview:large, max-video-preview:-1\" \/>\n<link rel=\"canonical\" href=\"https:\/\/osmstatecnych.cz\/en\/tag\/nemtsov-bridge\/\" \/>\n<meta property=\"og:locale\" content=\"en_US\" \/>\n<meta property=\"og:type\" content=\"article\" \/>\n<meta property=\"og:title\" content=\"NEMTSOV BRIDGE Archivy - OSM \u221e STATE\u010cN\u00ddCH\" \/>\n<meta property=\"og:description\" content=\"NEMTSOV BRIDGE    Original name: \u041d\u0415\u041c\u0426\u041e\u0412 \u041c\u041e\u0421\u0422    Start of activity: 2015-02-27   Country of origin: Russia   Type of resistance: civic initiative  A civic initiative that cares for the memorial at the site of the murder of Russian opposition politician Boris Nemtsov every day, regardless of the weather, repression, or sabotage by the Russian regime.\" \/>\n<meta property=\"og:url\" content=\"https:\/\/osmstatecnych.cz\/en\/tag\/nemtsov-bridge\/\" \/>\n<meta property=\"og:site_name\" content=\"OSM \u221e STATE\u010cN\u00ddCH\" \/>\n<script type=\"application\/ld+json\" class=\"yoast-schema-graph\">{\"@context\":\"https:\\\/\\\/schema.org\",\"@graph\":[{\"@type\":\"CollectionPage\",\"@id\":\"https:\\\/\\\/osmstatecnych.cz\\\/en\\\/tag\\\/nemtsov-bridge\\\/\",\"url\":\"https:\\\/\\\/osmstatecnych.cz\\\/en\\\/tag\\\/nemtsov-bridge\\\/\",\"name\":\"NEMTSOV BRIDGE Archivy - OSM \u221e STATE\u010cN\u00ddCH\",\"isPartOf\":{\"@id\":\"https:\\\/\\\/osmstatecnych.cz\\\/en\\\/#website\"},\"breadcrumb\":{\"@id\":\"https:\\\/\\\/osmstatecnych.cz\\\/en\\\/tag\\\/nemtsov-bridge\\\/#breadcrumb\"},\"inLanguage\":\"en-US\"},{\"@type\":\"BreadcrumbList\",\"@id\":\"https:\\\/\\\/osmstatecnych.cz\\\/en\\\/tag\\\/nemtsov-bridge\\\/#breadcrumb\",\"itemListElement\":[{\"@type\":\"ListItem\",\"position\":1,\"name\":\"Dom\u016f\",\"item\":\"https:\\\/\\\/osmstatecnych.cz\\\/en\\\/\"},{\"@type\":\"ListItem\",\"position\":2,\"name\":\"NEMTSOV BRIDGE\"}]},{\"@type\":\"WebSite\",\"@id\":\"https:\\\/\\\/osmstatecnych.cz\\\/en\\\/#website\",\"url\":\"https:\\\/\\\/osmstatecnych.cz\\\/en\\\/\",\"name\":\"OSM \u221e STATE\u010cN\u00ddCH\",\"description\":\"\",\"publisher\":{\"@id\":\"https:\\\/\\\/osmstatecnych.cz\\\/en\\\/#\\\/schema\\\/person\\\/22b295a49f97c1c5adc48db20fb99403\"},\"potentialAction\":[{\"@type\":\"SearchAction\",\"target\":{\"@type\":\"EntryPoint\",\"urlTemplate\":\"https:\\\/\\\/osmstatecnych.cz\\\/en\\\/?s={search_term_string}\"},\"query-input\":{\"@type\":\"PropertyValueSpecification\",\"valueRequired\":true,\"valueName\":\"search_term_string\"}}],\"inLanguage\":\"en-US\"},{\"@type\":[\"Person\",\"Organization\"],\"@id\":\"https:\\\/\\\/osmstatecnych.cz\\\/en\\\/#\\\/schema\\\/person\\\/22b295a49f97c1c5adc48db20fb99403\",\"name\":\"Anna Valentov\u00e1\",\"image\":{\"@type\":\"ImageObject\",\"inLanguage\":\"en-US\",\"@id\":\"https:\\\/\\\/secure.gravatar.com\\\/avatar\\\/87b561c64f624990122c0bf4b0170aaf0d549538d69db5aeecbca3abcfd7d3f4?s=96&d=mm&r=g\",\"url\":\"https:\\\/\\\/secure.gravatar.com\\\/avatar\\\/87b561c64f624990122c0bf4b0170aaf0d549538d69db5aeecbca3abcfd7d3f4?s=96&d=mm&r=g\",\"contentUrl\":\"https:\\\/\\\/secure.gravatar.com\\\/avatar\\\/87b561c64f624990122c0bf4b0170aaf0d549538d69db5aeecbca3abcfd7d3f4?s=96&d=mm&r=g\",\"caption\":\"Anna Valentov\u00e1\"},\"logo\":{\"@id\":\"https:\\\/\\\/secure.gravatar.com\\\/avatar\\\/87b561c64f624990122c0bf4b0170aaf0d549538d69db5aeecbca3abcfd7d3f4?s=96&d=mm&r=g\"},\"description\":\"Narozena 1968. Pra\u017e\u00e1k v jizerskohorsk\u00e9m exilu. Vlastn\u011b po\u0159\u00e1d p\u0159ekl\u00e1d\u00e1m. Jako tlumo\u010dn\u00edk mezi z\u00fa\u010dastn\u011bn\u00fdmi stranami a rozpl\u00e9ta\u010d zapleten\u00e9ho kdysi v terapii... Taky kdy\u017e se d\u00e1 p\u0159elo\u017eit n\u011bco kr\u00e1sn\u00e9ho nebo d\u016fle\u017eit\u00e9ho - aby o tom v\u011bd\u011blo v\u00edc lid\u00ed. No - a te\u010f je v\u00e1lka. A najednou je to v\u0161echno t\u0159eba. Snad to aspo\u0148 kouskem p\u0159isp\u011bje...\"}]}<\/script>\n<!-- \/ Yoast SEO plugin. -->","yoast_head_json":{"title":"NEMTSOV BRIDGE Archivy - OSM \u221e STATE\u010cN\u00ddCH","robots":{"index":"index","follow":"follow","max-snippet":"max-snippet:-1","max-image-preview":"max-image-preview:large","max-video-preview":"max-video-preview:-1"},"canonical":"https:\/\/osmstatecnych.cz\/en\/tag\/nemtsov-bridge\/","og_locale":"en_US","og_type":"article","og_title":"NEMTSOV BRIDGE Archivy - OSM \u221e STATE\u010cN\u00ddCH","og_description":"NEMTSOV BRIDGE    Original name: \u041d\u0415\u041c\u0426\u041e\u0412 \u041c\u041e\u0421\u0422    Start of activity: 2015-02-27   Country of origin: Russia   Type of resistance: civic initiative  A civic initiative that cares for the memorial at the site of the murder of Russian opposition politician Boris Nemtsov every day, regardless of the weather, repression, or sabotage by the Russian regime.","og_url":"https:\/\/osmstatecnych.cz\/en\/tag\/nemtsov-bridge\/","og_site_name":"OSM \u221e STATE\u010cN\u00ddCH","schema":{"@context":"https:\/\/schema.org","@graph":[{"@type":"CollectionPage","@id":"https:\/\/osmstatecnych.cz\/en\/tag\/nemtsov-bridge\/","url":"https:\/\/osmstatecnych.cz\/en\/tag\/nemtsov-bridge\/","name":"NEMTSOV BRIDGE Archivy - OSM \u221e STATE\u010cN\u00ddCH","isPartOf":{"@id":"https:\/\/osmstatecnych.cz\/en\/#website"},"breadcrumb":{"@id":"https:\/\/osmstatecnych.cz\/en\/tag\/nemtsov-bridge\/#breadcrumb"},"inLanguage":"en-US"},{"@type":"BreadcrumbList","@id":"https:\/\/osmstatecnych.cz\/en\/tag\/nemtsov-bridge\/#breadcrumb","itemListElement":[{"@type":"ListItem","position":1,"name":"Dom\u016f","item":"https:\/\/osmstatecnych.cz\/en\/"},{"@type":"ListItem","position":2,"name":"NEMTSOV BRIDGE"}]},{"@type":"WebSite","@id":"https:\/\/osmstatecnych.cz\/en\/#website","url":"https:\/\/osmstatecnych.cz\/en\/","name":"OSM \u221e STATE\u010cN\u00ddCH","description":"","publisher":{"@id":"https:\/\/osmstatecnych.cz\/en\/#\/schema\/person\/22b295a49f97c1c5adc48db20fb99403"},"potentialAction":[{"@type":"SearchAction","target":{"@type":"EntryPoint","urlTemplate":"https:\/\/osmstatecnych.cz\/en\/?s={search_term_string}"},"query-input":{"@type":"PropertyValueSpecification","valueRequired":true,"valueName":"search_term_string"}}],"inLanguage":"en-US"},{"@type":["Person","Organization"],"@id":"https:\/\/osmstatecnych.cz\/en\/#\/schema\/person\/22b295a49f97c1c5adc48db20fb99403","name":"Anna Valentov\u00e1","image":{"@type":"ImageObject","inLanguage":"en-US","@id":"https:\/\/secure.gravatar.com\/avatar\/87b561c64f624990122c0bf4b0170aaf0d549538d69db5aeecbca3abcfd7d3f4?s=96&d=mm&r=g","url":"https:\/\/secure.gravatar.com\/avatar\/87b561c64f624990122c0bf4b0170aaf0d549538d69db5aeecbca3abcfd7d3f4?s=96&d=mm&r=g","contentUrl":"https:\/\/secure.gravatar.com\/avatar\/87b561c64f624990122c0bf4b0170aaf0d549538d69db5aeecbca3abcfd7d3f4?s=96&d=mm&r=g","caption":"Anna Valentov\u00e1"},"logo":{"@id":"https:\/\/secure.gravatar.com\/avatar\/87b561c64f624990122c0bf4b0170aaf0d549538d69db5aeecbca3abcfd7d3f4?s=96&d=mm&r=g"},"description":"Narozena 1968. Pra\u017e\u00e1k v jizerskohorsk\u00e9m exilu. Vlastn\u011b po\u0159\u00e1d p\u0159ekl\u00e1d\u00e1m. Jako tlumo\u010dn\u00edk mezi z\u00fa\u010dastn\u011bn\u00fdmi stranami a rozpl\u00e9ta\u010d zapleten\u00e9ho kdysi v terapii... Taky kdy\u017e se d\u00e1 p\u0159elo\u017eit n\u011bco kr\u00e1sn\u00e9ho nebo d\u016fle\u017eit\u00e9ho - aby o tom v\u011bd\u011blo v\u00edc lid\u00ed. No - a te\u010f je v\u00e1lka. A najednou je to v\u0161echno t\u0159eba. Snad to aspo\u0148 kouskem p\u0159isp\u011bje..."}]}},"_links":{"self":[{"href":"https:\/\/osmstatecnych.cz\/en\/wp-json\/wp\/v2\/tags\/758","targetHints":{"allow":["GET"]}}],"collection":[{"href":"https:\/\/osmstatecnych.cz\/en\/wp-json\/wp\/v2\/tags"}],"about":[{"href":"https:\/\/osmstatecnych.cz\/en\/wp-json\/wp\/v2\/taxonomies\/post_tag"}],"wp:post_type":[{"href":"https:\/\/osmstatecnych.cz\/en\/wp-json\/wp\/v2\/posts?tags=758"}],"curies":[{"name":"wp","href":"https:\/\/api.w.org\/{rel}","templated":true}]}}